{"id":769,"date":"2019-11-11T13:02:00","date_gmt":"2019-11-11T12:02:00","guid":{"rendered":"https:\/\/croc-odile.fr\/?p=769"},"modified":"2022-12-23T13:09:44","modified_gmt":"2022-12-23T12:09:44","slug":"veille-pedagogique-numero-2","status":"publish","type":"post","link":"https:\/\/croc-odile.fr\/?p=769","title":{"rendered":"Veille p\u00e9dagogique &#8211; Num\u00e9ro 2"},"content":{"rendered":"\n<blockquote class=\"wp-block-quote is-layout-flow wp-block-quote-is-layout-flow\">\n<p>Pour ce num\u00e9ro 2, je remercie : @PtitsCitoyens, @EducationFrance, @CecileMts, @22llc et @EdCanNet pour le partage.<\/p>\n<\/blockquote>\n\n\n\n<h2 class=\"wp-block-heading\"><mark style=\"background-color:rgba(0, 0, 0, 0);color:#48c23f\" class=\"has-inline-color\">Concr\u00e8tement pour la classe<\/mark><\/h2>\n\n\n\n<p>Le 7 novembre dernier, a eu lieu la journ\u00e9e nationale de lutte contre le harc\u00e8lement \u00e0 l&rsquo;\u00e9cole. A cette occasion, je vous propose dans cette newsletter deux liens.<\/p>\n\n\n\n<p>Le premier : une vid\u00e9o pour lutter contre les moqueries et susciter le soutien. Elle est r\u00e9alis\u00e9e en partenariat avec le minist\u00e8re de l&rsquo;Education nationale et coproduite par l&rsquo;association Les petits citoyens et Neo Digital Productions.<\/p>\n\n\n\n<p><strong>B\u00e9gayer, ce n\u2019est pas dr\u00f4le !<\/strong><\/p>\n\n\n\n<figure class=\"wp-block-image size-full\"><img loading=\"lazy\" decoding=\"async\" width=\"112\" height=\"112\" src=\"https:\/\/croc-odile.fr\/wp-content\/uploads\/2022\/12\/EMC.jpg\" alt=\"\" class=\"wp-image-770\"\/><figcaption class=\"wp-element-caption\"><a href=\"https:\/\/lespetitscitoyens.com\/a-voir\/begayer-ce-nest-pas-drole\/\">B\u00e9gayer, ce n\u2019est pas dr\u00f4le ! &#8211; Les petits citoyens<\/a><\/figcaption><\/figure>\n\n\n\n<p>Le second : le prix \u201cNon au harc\u00e8lement\u201d \u00e0 travers la r\u00e9alisation d&rsquo;une affiche ou d&rsquo;une vid\u00e9o.<\/p>\n\n\n\n<p><strong>Prix \u00ab\u00a0Non au harc\u00e8lement\u00a0\u00bb &#8211; Minist\u00e8re de l&rsquo;\u00c9ducation nationale et de la Jeunesse<\/strong><\/p>\n\n\n\n<figure class=\"wp-block-image size-full\"><img loading=\"lazy\" decoding=\"async\" width=\"636\" height=\"195\" src=\"https:\/\/croc-odile.fr\/wp-content\/uploads\/2022\/12\/EMC.png\" alt=\"\" class=\"wp-image-772\" srcset=\"https:\/\/croc-odile.fr\/wp-content\/uploads\/2022\/12\/EMC.png 636w, https:\/\/croc-odile.fr\/wp-content\/uploads\/2022\/12\/EMC-300x92.png 300w\" sizes=\"auto, (max-width: 636px) 100vw, 636px\" \/><figcaption class=\"wp-element-caption\"><a href=\"https:\/\/www.education.gouv.fr\/prix-non-au-harcelement-12137\">Prix \u00ab\u00a0Non au harc\u00e8lement\u00a0\u00bb &#8211; Minist\u00e8re de l&rsquo;\u00c9ducation nationale et de la Jeunesse<\/a><\/figcaption><\/figure>\n\n\n\n<h2 class=\"wp-block-heading\"><mark style=\"background-color:rgba(0, 0, 0, 0);color:#48c23f\" class=\"has-inline-color\">Du c\u00f4t\u00e9 des maternelles<\/mark><\/h2>\n\n\n\n<p>L\u00e0 aussi, deux liens vous sont propos\u00e9s :<\/p>\n\n\n\n<p>Le premier : Une s\u00e9lection d&rsquo;albums de jeunesse pour aborder les grandeurs en maternelle : longueurs et masses.<\/p>\n\n\n\n<p>Ce site propose \u00e9galement des ressources pour exploiter : Boucle d&rsquo;or et les trois ours, Devine combien je t&rsquo;aime, Faites la queue, Quand j&rsquo;\u00e9tais petit, L&rsquo;arbre de Jacob, Grand, Plus grand, plus petit.<\/p>\n\n\n\n<figure class=\"wp-block-image size-full\"><img loading=\"lazy\" decoding=\"async\" width=\"112\" height=\"112\" src=\"https:\/\/croc-odile.fr\/wp-content\/uploads\/2022\/12\/albums-grandeurs-maternelle-livres-longueurs-masses-300x148-1.jpg\" alt=\"\" class=\"wp-image-773\"\/><figcaption class=\"wp-element-caption\"><a href=\"http:\/\/dessinemoiunehistoire.net\/albums-grandeurs-longueur-masse\/\">Des albums sur les grandeurs : longueurs et masses<\/a><\/figcaption><\/figure>\n\n\n\n<p>Le second : un site pour des projets collaboratifs entre classes de maternelles et de CP autour de la r\u00e9solution de probl\u00e8mes. Les inscriptions sont closes pour la p\u00e9riode 2 , mais peut-\u00eatre un projet pour les p\u00e9riodes suivantes.<\/p>\n\n\n\n<p><strong>Problemater<\/strong><\/p>\n\n\n\n<figure class=\"wp-block-image size-full\"><img loading=\"lazy\" decoding=\"async\" width=\"112\" height=\"112\" src=\"https:\/\/croc-odile.fr\/wp-content\/uploads\/2022\/12\/cropped-Rnard-V1.06-FINALE-02-2-1.jpg\" alt=\"\" class=\"wp-image-776\"\/><figcaption class=\"wp-element-caption\"><a href=\"https:\/\/problemater.com\/\">Problemater \u2013 Projet collaboratif entre classes maternelles et CP autour de la r\u00e9solution de probl\u00e8mes math\u00e9matiques<\/a><\/figcaption><\/figure>\n\n\n\n<h2 class=\"wp-block-heading\"><mark style=\"background-color:rgba(0, 0, 0, 0);color:#48c23f\" class=\"has-inline-color\">Ressource pour l&rsquo;enseignant<\/mark><\/h2>\n\n\n\n<p>Comment favoriser l\u2019engagement des parents lors d\u2019un plan d\u2019intervention. Une r\u00e9flexion afin d&rsquo;encourager la participation active des parents d&rsquo;\u00e9l\u00e8ves \u00e0 besoins \u00e9ducatifs particuliers.<\/p>\n\n\n\n<p>Comment se pr\u00e9parer ? Comment accueillir les parents ? Comment communiquer efficacement ? Comment garder le lien ? Telles sont les questions et leurs r\u00e9ponses que vous pourrez lire dans cet article.<\/p>\n\n\n\n<figure class=\"wp-block-image size-full\"><img loading=\"lazy\" decoding=\"async\" width=\"112\" height=\"112\" src=\"https:\/\/croc-odile.fr\/wp-content\/uploads\/2022\/12\/edcan-v57-n4-chevrier.png\" alt=\"\" class=\"wp-image-775\"\/><figcaption class=\"wp-element-caption\"><a href=\"https:\/\/www.edcan.ca\/articles\/et-si-travaillait-ensemble\/?lang=fr\">Et si on travaillait ensemble<\/a><\/figcaption><\/figure>\n\n\n\n<blockquote class=\"wp-block-quote is-layout-flow wp-block-quote-is-layout-flow\">\n<p>A la semaine prochaine, pour de nouveaux \u00e9l\u00e9ments \u00e0 vous partager. N&rsquo;h\u00e9sitez pas \u00e0 me faire un retour et me dire ce que vous pensez de cette veille p\u00e9dagogique. Bonne lecture <\/p>\n<\/blockquote>\n","protected":false},"excerpt":{"rendered":"<p>Pour ce num\u00e9ro 2, je remercie : @PtitsCitoyens, @EducationFrance, @CecileMts, @22llc et @EdCanNet pour le partage. Concr\u00e8tement pour la classe Le 7 novembre dernier, a eu lieu la journ\u00e9e nationale de lutte contre le harc\u00e8lement \u00e0 l&rsquo;\u00e9cole. A cette occasion, je vous propose dans cette newsletter deux liens. Le premier : une vid\u00e9o pour lutter &hellip; <a href=\"https:\/\/croc-odile.fr\/?p=769\" class=\"more-link\">Continuer la lecture de <span class=\"screen-reader-text\">Veille p\u00e9dagogique &#8211; Num\u00e9ro 2<\/span><\/a><\/p>\n","protected":false},"author":1,"featured_media":0,"comment_status":"open","ping_status":"open","sticky":false,"template":"","format":"standard","meta":{"footnotes":""},"categories":[7],"tags":[],"class_list":["post-769","post","type-post","status-publish","format-standard","hentry","category-veille-pedagogique-par-odile-fleury"],"_links":{"self":[{"href":"https:\/\/croc-odile.fr\/index.php?rest_route=\/wp\/v2\/posts\/769","targetHints":{"allow":["GET"]}}],"collection":[{"href":"https:\/\/croc-odile.fr\/index.php?rest_route=\/wp\/v2\/posts"}],"about":[{"href":"https:\/\/croc-odile.fr\/index.php?rest_route=\/wp\/v2\/types\/post"}],"author":[{"embeddable":true,"href":"https:\/\/croc-odile.fr\/index.php?rest_route=\/wp\/v2\/users\/1"}],"replies":[{"embeddable":true,"href":"https:\/\/croc-odile.fr\/index.php?rest_route=%2Fwp%2Fv2%2Fcomments&post=769"}],"version-history":[{"count":2,"href":"https:\/\/croc-odile.fr\/index.php?rest_route=\/wp\/v2\/posts\/769\/revisions"}],"predecessor-version":[{"id":778,"href":"https:\/\/croc-odile.fr\/index.php?rest_route=\/wp\/v2\/posts\/769\/revisions\/778"}],"wp:attachment":[{"href":"https:\/\/croc-odile.fr\/index.php?rest_route=%2Fwp%2Fv2%2Fmedia&parent=769"}],"wp:term":[{"taxonomy":"category","embeddable":true,"href":"https:\/\/croc-odile.fr\/index.php?rest_route=%2Fwp%2Fv2%2Fcategories&post=769"},{"taxonomy":"post_tag","embeddable":true,"href":"https:\/\/croc-odile.fr\/index.php?rest_route=%2Fwp%2Fv2%2Ftags&post=769"}],"curies":[{"name":"wp","href":"https:\/\/api.w.org\/{rel}","templated":true}]}}